{"id":1,"date":"2024-09-18T03:48:21","date_gmt":"2024-09-18T03:48:21","guid":{"rendered":"https:\/\/fgv-reinacherhof.ch\/?p=1"},"modified":"2024-09-18T08:30:55","modified_gmt":"2024-09-18T08:30:55","slug":"hello-world","status":"publish","type":"post","link":"https:\/\/fgv-reinacherhof.ch\/?p=1","title":{"rendered":"Willkommen auf der neuen Homepage vom FGV-Reinacherhof"},"content":{"rendered":"\n<p>Mit sanften Farben und der warmen Sonne des Sp\u00e4tsommers verabschiedet sich die Gartensaison langsam. In unseren G\u00e4rten spiegelt sich die harte Arbeit und die Hingabe wider, die wir das ganze Jahr \u00fcber investiert haben. Die ersten reifen Fr\u00fcchte und duftenden Blumen sind die Belohnung f\u00fcr unsere M\u00fchen, und die Erntezeit l\u00e4dt uns ein, die F\u00fclle der Natur zu genie\u00dfen.<\/p>\n\n\n\n<p>Wir blicken mit Hoffnung auf einen goldenen Herbst, der uns noch einmal mit milden Temperaturen und klarem Himmel verw\u00f6hnt. Diese Zeit des Wandels bietet uns die M\u00f6glichkeit, unsere G\u00e4rten f\u00fcr die kalte Jahreszeit vorzubereiten und gleichzeitig die Sch\u00f6nheit der Herbsttage zu sch\u00e4tzen.<\/p>\n\n\n\n<p>Und w\u00e4hrend wir die letzten Erntegaben einholen, freuen wir uns schon jetzt auf die ersten zarten Pfl\u00e4nzchen, die wir im Januar und Februar wieder ans\u00e4en werden. Die Vorfreude auf die neuen Anf\u00e4nge und die Erneuerung der Natur gibt uns Kraft und Inspiration f\u00fcr die kommenden Monate.<\/p>\n","protected":false},"excerpt":{"rendered":"<p>Mit sanften Farben und der warmen Sonne des Sp\u00e4tsommers verabschiedet sich die Gartensaison langsam. In unseren G\u00e4rten spiegelt sich die harte Arbeit und die Hingabe wider, die wir das ganze Jahr \u00fcber investiert haben. Die ersten reifen Fr\u00fcchte und duftenden &hellip; <a href=\"https:\/\/fgv-reinacherhof.ch\/?p=1\">Weiterlesen <span class=\"meta-nav\">&rarr;<\/span><\/a><\/p>\n","protected":false},"author":1,"featured_media":0,"comment_status":"open","ping_status":"open","sticky":false,"template":"","format":"standard","meta":{"footnotes":""},"categories":[1],"tags":[],"class_list":["post-1","post","type-post","status-publish","format-standard","hentry","category-uncategorized"],"_links":{"self":[{"href":"https:\/\/fgv-reinacherhof.ch\/index.php?rest_route=\/wp\/v2\/posts\/1","targetHints":{"allow":["GET"]}}],"collection":[{"href":"https:\/\/fgv-reinacherhof.ch\/index.php?rest_route=\/wp\/v2\/posts"}],"about":[{"href":"https:\/\/fgv-reinacherhof.ch\/index.php?rest_route=\/wp\/v2\/types\/post"}],"author":[{"embeddable":true,"href":"https:\/\/fgv-reinacherhof.ch\/index.php?rest_route=\/wp\/v2\/users\/1"}],"replies":[{"embeddable":true,"href":"https:\/\/fgv-reinacherhof.ch\/index.php?rest_route=%2Fwp%2Fv2%2Fcomments&post=1"}],"version-history":[{"count":1,"href":"https:\/\/fgv-reinacherhof.ch\/index.php?rest_route=\/wp\/v2\/posts\/1\/revisions"}],"predecessor-version":[{"id":43,"href":"https:\/\/fgv-reinacherhof.ch\/index.php?rest_route=\/wp\/v2\/posts\/1\/revisions\/43"}],"wp:attachment":[{"href":"https:\/\/fgv-reinacherhof.ch\/index.php?rest_route=%2Fwp%2Fv2%2Fmedia&parent=1"}],"wp:term":[{"taxonomy":"category","embeddable":true,"href":"https:\/\/fgv-reinacherhof.ch\/index.php?rest_route=%2Fwp%2Fv2%2Fcategories&post=1"},{"taxonomy":"post_tag","embeddable":true,"href":"https:\/\/fgv-reinacherhof.ch\/index.php?rest_route=%2Fwp%2Fv2%2Ftags&post=1"}],"curies":[{"name":"wp","href":"https:\/\/api.w.org\/{rel}","templated":true}]}}